{"provider_url": "https://www.santanadopiaui.pi.leg.br", "version": "1.0", "author_url": "https://www.santanadopiaui.pi.leg.br/author/Interlegis", "title": "Presidente da C\u00e2mara de Santana Marcos Vinicius se re\u00fane com Araujinho coordenador do Pro Piau\u00ed na regi\u00e3o de Picos", "provider_name": "C\u00e2mara Municipal", "type": "link", "author_name": "Interlegis"}